{"id":113117,"date":"2021-07-19T16:09:14","date_gmt":"2021-07-19T14:09:14","guid":{"rendered":"https:\/\/residenzale6a.it\/radurlaub-was-triest-und-friaul-julisch-venetien-zu-bieten-haben\/"},"modified":"2023-05-20T14:50:56","modified_gmt":"2023-05-20T12:50:56","slug":"radurlaub-was-triest-und-friaul-julisch-venetien-zu-bieten-haben","status":"publish","type":"post","link":"https:\/\/residenzale6a.it\/de\/radurlaub-was-triest-und-friaul-julisch-venetien-zu-bieten-haben\/","title":{"rendered":"Radurlaub: Was Triest und Friaul-Julisch-Venetien zu bieten haben"},"content":{"rendered":"<p>Schon vor der Pandemie erfreute sich der Fahrradtourismus immer gr\u00f6\u00dferer Beliebtheit. Mittlerweile ist es zu einem echten Trend geworden, der es den Menschen erm\u00f6glicht, auf eine flexible und freie Weise zu reisen und neu Orte zu den sonst \u00dcblichen zu entdecken. In einer Region wie der unseren kann man mit dem Fahrrad sowohl die bekanntesten Sehensw\u00fcrdigkeiten als auch die faszinierendsten, aber abgelegeneren Gegenden besuchen, die oft in einer naturbelassenen Umgebung liegen.<\/p>\n<p>An Routen f\u00fcr einen Fahrradurlaub in Triest mangelt es nicht: Der Rad- und Wanderweg Giordano Cottur, der TBT \u2013 Trieste by trail und der Feldweg Gemina sind die bekanntesten Routen, die wir bereits in einem fr\u00fcheren <a href=\"https:\/\/residenzale6a.it\/trieste-carso-bicicletta\/\">Artikel<\/a> vorgestellt haben.<\/p>\n<p>Heute m\u00f6chten wir jedoch \u00fcber das Gebiet von Triest hinausgehen und unsere sch\u00f6ne Stadt als Etappe bei l\u00e4ngeren Radtouren betrachten. Hier sind einige Ideen:<\/p>\n<h3>Adriabike \u2013 der Radweg der oberen Adria<\/h3>\n<p>Diese <a href=\"https:\/\/www.adriabike.eu\/it\/\" target=\"_blank\" rel=\"noopener\">Route<\/a> ist Teil des europ\u00e4ischen Radwegenetzes <a href=\"https:\/\/en.eurovelo.com\/ev8\" target=\"_blank\" rel=\"noopener\">Eurovelo 8<\/a>, das Kranjska Gora mit Ravenna verbindet und durch Koper, Triest, Venedig und Padua f\u00fchrt.<\/p>\n<p><a href=\"https:\/\/residenzale6a.it\/wp-content\/uploads\/2021\/07\/venezia.jpg\"><img loading=\"lazy\" decoding=\"async\" class=\"size-large wp-image-4239 aligncenter\" src=\"https:\/\/residenzale6a.it\/wp-content\/uploads\/2021\/07\/venezia-1024x683.jpg\" alt=\"Venezia foto di Neil Morrell da Pixabay \" width=\"1024\" height=\"683\"><\/a><\/p>\n<p>Die gesamte Strecke ist in mehrere Routenvorschl\u00e4ge unterteilt, die jeweils einem einw\u00f6chigen Radurlaub mit Tagesetappen entsprechen. Dazu geh\u00f6ren:<\/p>\n<ul>\n<li><a href=\"https:\/\/www.adriabike.eu\/it\/resource\/tour\/01-la-verde-smeraldo\/\" target=\"_blank\" rel=\"noopener\">Der smaragdgr\u00fcne Weg<\/a> (360 km) beginnt in Tarvis, durchquert dann Slowenien entlang des Isonzo, um zuerst in Muggia und dann in Triest anzukommen. Da es fast immer leicht bergab geht, ist dieser Weg auch sehr gem\u00fctlich.<\/li>\n<li><a href=\"https:\/\/www.adriabike.eu\/it\/resource\/tour\/02-la-della-serenissima\/\" target=\"_blank\" rel=\"noopener\">Der Serenissima Weg<\/a> (358,2 km) beginnt in Portoro\u017e und durchquert unsere Region, um Venedig und die Lagune zu erreichen.<\/li>\n<\/ul>\n<p>Vom 2. Juli bis zum 2. Oktober 2021 gibt es einen kostenlosen Busservice mit Fahrradtrolley, einschlie\u00dflich einer Tageskarte Triest-Parenzo, um die Radwege von Friaul-Julisch Venetien mit der Parenzana zu verbinden \u2013 d.h. die Strecke, die von Portoro\u017e nach Triest auf einer ehemaligen Eisenbahnlinie f\u00fchrt \u2013 oder um nach Triest zur\u00fcckzukehren und die Gelegenheit zu nutzen, die K\u00fcste von Triest und Istrien mit dem Fahrrad zu besuchen.<\/p>\n<h3>Eurovelo 9 \u2013 Die Bernsteinroute (Ostsee-Adria Route)<\/h3>\n<p>Eine 1870 Kilometer lange Strecke f\u00fcr einen <a href=\"https:\/\/en.eurovelo.com\/ev9\" target=\"_blank\" rel=\"noopener\">Radurlaub<\/a>, die in Danzig in Polen beginnt und in Pula in Kroatien endet, durch die Tschechische Republik, \u00d6sterreich, Slowenien und Triest f\u00fchrt. Wir befinden uns in einer Region mit habsburgischer Vergangenheit, sodass sich Geschichte und Natur zu einer \u00e4u\u00dferst interessanten Reise verflechten.<\/p>\n<p>Die Route wird als \u201cBernsteinroute\u201d bezeichnet, denn \u00fcber diese Stra\u00dfe wurde fr\u00fcher der baltische Bernstein in den S\u00fcden exportiert.<\/p>\n<h2>Radurlaub: Wo man in Triest \u00fcbernachtet<\/h2>\n<p>Unsere Residenza bietet seinen G\u00e4sten reservierte Stellpl\u00e4tze f\u00fcr Ihre Fahrr\u00e4der <strong>im Innenhof des Geb\u00e4udes<\/strong>.<\/p>\n<p>Auf diese Weise k\u00f6nnen Sie das Zentrum besuchen und Ihren Aufenthalt in aller Ruhe genie\u00dfen.<\/p>\n","protected":false},"excerpt":{"rendered":"<p>Le vacanze in bicicletta offrono la libert\u00e0 del movimento e il fascino del viaggio. Trieste pu\u00f2 essere una meta perfetta per trascorrervi qualche giorno.<\/p>\n","protected":false},"author":3,"featured_media":112264,"comment_status":"closed","ping_status":"closed","sticky":false,"template":"","format":"standard","meta":{"_et_pb_use_builder":"","_et_pb_old_content":"","_et_gb_content_width":"","footnotes":""},"categories":[66],"tags":[],"class_list":["post-113117","post","type-post","status-publish","format-standard","has-post-thumbnail","hentry","category-reiserouten"],"_links":{"self":[{"href":"https:\/\/residenzale6a.it\/de\/wp-json\/wp\/v2\/posts\/113117","targetHints":{"allow":["GET"]}}],"collection":[{"href":"https:\/\/residenzale6a.it\/de\/wp-json\/wp\/v2\/posts"}],"about":[{"href":"https:\/\/residenzale6a.it\/de\/wp-json\/wp\/v2\/types\/post"}],"author":[{"embeddable":true,"href":"https:\/\/residenzale6a.it\/de\/wp-json\/wp\/v2\/users\/3"}],"replies":[{"embeddable":true,"href":"https:\/\/residenzale6a.it\/de\/wp-json\/wp\/v2\/comments?post=113117"}],"version-history":[{"count":1,"href":"https:\/\/residenzale6a.it\/de\/wp-json\/wp\/v2\/posts\/113117\/revisions"}],"predecessor-version":[{"id":113119,"href":"https:\/\/residenzale6a.it\/de\/wp-json\/wp\/v2\/posts\/113117\/revisions\/113119"}],"wp:featuredmedia":[{"embeddable":true,"href":"https:\/\/residenzale6a.it\/de\/wp-json\/wp\/v2\/media\/112264"}],"wp:attachment":[{"href":"https:\/\/residenzale6a.it\/de\/wp-json\/wp\/v2\/media?parent=113117"}],"wp:term":[{"taxonomy":"category","embeddable":true,"href":"https:\/\/residenzale6a.it\/de\/wp-json\/wp\/v2\/categories?post=113117"},{"taxonomy":"post_tag","embeddable":true,"href":"https:\/\/residenzale6a.it\/de\/wp-json\/wp\/v2\/tags?post=113117"}],"curies":[{"name":"wp","href":"https:\/\/api.w.org\/{rel}","templated":true}]}}