{"id":113132,"date":"2023-05-09T17:26:08","date_gmt":"2023-05-09T15:26:08","guid":{"rendered":"https:\/\/residenzale6a.it\/besuchen-sie-triest-fuer-ein-paar-tage-und-erleben-sie-das-konzert-des-sommers-den-start-der-italien-tournee-von-maneskin\/"},"modified":"2023-07-18T10:10:11","modified_gmt":"2023-07-18T08:10:11","slug":"besuchen-sie-triest-fuer-ein-paar-tage-und-erleben-sie-das-konzert-des-sommers-den-start-der-italien-tournee-von-maneskin","status":"publish","type":"post","link":"https:\/\/residenzale6a.it\/de\/besuchen-sie-triest-fuer-ein-paar-tage-und-erleben-sie-das-konzert-des-sommers-den-start-der-italien-tournee-von-maneskin\/","title":{"rendered":"Besuchen Sie Triest f\u00fcr ein paar Tage und erleben Sie das Konzert des Sommers: den Start der Italien-Tournee von M\u00e5neskin."},"content":{"rendered":"<p>Gro\u00dfes Rockmusik-Highlight im Sommer in Triest: <strong>Am 16. Juli wird die Rockband M\u00e5neskin im Nereo Rocco Stadion auftreten<\/strong>, ein Erlebnis, das man nicht verpassen sollte. Wir haben daf\u00fcr spezielle Paketangebote zusammengestellt.<\/p>\n<h2>Den Tour-Auftakt von M\u00e5neskin in Triest erleben<\/h2>\n<p>Besuchen Sie Triest f\u00fcr ein paar Tage und erleben Sie das Konzert des Sommers: den Start der Italien-Tournee von M\u00e5neskin Die Band, die mit ihrem energiegeladenen Sound das Interesse der j\u00fcngeren Generation am Rock&#8217;n&#8217;Roll neu geweckt hat, wird lediglich an zwei weiteren Orten in Italien auftreten, in Mailand und Rom.<\/p>\n<p><strong>Eine gro\u00dfartige Gelegenheit<\/strong>, um Triest in all seinen Aspekten kennenzulernen: kulturell, k\u00fcnstlerisch, historisch, naturkundlich und kulinarisch.<\/p>\n<h2>1 Trib\u00fcnen-Ticket und 2 \u00dcbernachtungen ab 242 Euro<\/h2>\n<p>Wenn Sie sich f\u00fcr den &#8222;<strong>M\u00e5neskin&#8220;-Tarif<\/strong> entscheiden, ist das <strong>Ticket auf der Colaussi Trib\u00fcne inbegriffen<\/strong> &#8211; <strong>bei mindestens zwei \u00dcbernachtungen<\/strong> ab <strong>242 Euro<\/strong> pro Person inklusive <strong>Fr\u00fchst\u00fcck<\/strong>.<\/p>\n<p>Mitten in der Altstadt gelegen, k\u00f6nnen Sie die wichtigsten Sehensw\u00fcrdigkeiten der Stadt besuchen und sind am Abend des Konzerts in zwanzig Minuten mit den \u00f6ffentlichen Verkehrsmitteln beim Nereo Rocco Stadion.<\/p>\n<p><a class=\"et_pb_button et_pb_button_0 et_pb_bg_layout_dark\" href=\"https:\/\/book.octorate.com\/octobook\/site\/reservation\/index.xhtml;octobooksessionid=844b2fed64e1e1c5c35127fd6099?codice=263621\">Siehe Preise und Verf\u00fcgbarkeit<\/a><\/p>\n<h2>Was spricht f\u00fcr die Residenza?<\/h2>\n<p>Es gibt noch mehr Gr\u00fcnde, um sich f\u00fcr uns zu entscheiden. Hier sind weitere Vorteile f\u00fcr die G\u00e4ste der Residenza:<\/p>\n<ul>\n<li>Beim Check-in erwartet Sie auf Ihrem Zimmer ein s\u00fc\u00dfer Willkommensgru\u00df mit literarischem Keks, Kr\u00e4utertees und stillem Wasser.<\/li>\n<li>Wenn Sie mit dem Auto kommen, erhalten Sie 15 % Rabatt auf den Parkplatz, der nur wenige Minuten von der Unterkunft entfernt ist.<\/li>\n<li>Wir schenken Ihnen einen am Tisch servierten Kaffee im Antico Caff\u00e8 San Marco<\/li>\n<li>Bei uns k\u00f6nnen Sie die FVG Card zu einem verg\u00fcnstigten Preis kaufen.<\/li>\n<li>Wenn verf\u00fcgbar, k\u00f6nnen Sie unsere Vespa kostenlos nutzen.<\/li>\n<li>Sie finden einen reservierten Fahrradst\u00e4nder im privaten Hof.<\/li>\n<li>Wir organisieren exklusive Erlebnisse f\u00fcr unsere G\u00e4ste.<\/li>\n<\/ul>\n<p><a href=\"https:\/\/book.octorate.com\/octobook\/site\/reservation\/index.xhtml;octobooksessionid=844b2fed64e1e1c5c35127fd6099?codice=263621\">Buchen Sie<\/a> jetzt Ihren Urlaub in Triest, die Anzahl der <strong>M\u00e5neskin-Tickets ist begrenz<\/strong>t!<\/p>\n<p><a class=\"et_pb_button et_pb_button_0 et_pb_bg_layout_dark\" href=\"https:\/\/book.octorate.com\/octobook\/site\/reservation\/index.xhtml;octobooksessionid=844b2fed64e1e1c5c35127fd6099?codice=263621\">Siehe Preise und Verf\u00fcgbarkeit<\/a><\/p>\n","protected":false},"excerpt":{"rendered":"<p>Am 16. Juli wird die Rockband M\u00e5neskin im Nereo Rocco Stadion auftreten Gro\u00dfes Rockmusik-Highlight im Sommer in Triest: Am 16. Juli wird die Rockband M\u00e5neskin im Nereo Rocco Stadion auftreten, ein Erlebnis, das man nicht verpassen sollte. Wir haben daf\u00fcr spezielle Paketangebote zusammengestellt.<\/p>\n","protected":false},"author":3,"featured_media":112616,"comment_status":"closed","ping_status":"closed","sticky":false,"template":"","format":"standard","meta":{"_et_pb_use_builder":"","_et_pb_old_content":"","_et_gb_content_width":"","footnotes":""},"categories":[65],"tags":[],"class_list":["post-113132","post","type-post","status-publish","format-standard","has-post-thumbnail","hentry","category-veranstaltungen-de"],"_links":{"self":[{"href":"https:\/\/residenzale6a.it\/de\/wp-json\/wp\/v2\/posts\/113132","targetHints":{"allow":["GET"]}}],"collection":[{"href":"https:\/\/residenzale6a.it\/de\/wp-json\/wp\/v2\/posts"}],"about":[{"href":"https:\/\/residenzale6a.it\/de\/wp-json\/wp\/v2\/types\/post"}],"author":[{"embeddable":true,"href":"https:\/\/residenzale6a.it\/de\/wp-json\/wp\/v2\/users\/3"}],"replies":[{"embeddable":true,"href":"https:\/\/residenzale6a.it\/de\/wp-json\/wp\/v2\/comments?post=113132"}],"version-history":[{"count":2,"href":"https:\/\/residenzale6a.it\/de\/wp-json\/wp\/v2\/posts\/113132\/revisions"}],"predecessor-version":[{"id":113262,"href":"https:\/\/residenzale6a.it\/de\/wp-json\/wp\/v2\/posts\/113132\/revisions\/113262"}],"wp:featuredmedia":[{"embeddable":true,"href":"https:\/\/residenzale6a.it\/de\/wp-json\/wp\/v2\/media\/112616"}],"wp:attachment":[{"href":"https:\/\/residenzale6a.it\/de\/wp-json\/wp\/v2\/media?parent=113132"}],"wp:term":[{"taxonomy":"category","embeddable":true,"href":"https:\/\/residenzale6a.it\/de\/wp-json\/wp\/v2\/categories?post=113132"},{"taxonomy":"post_tag","embeddable":true,"href":"https:\/\/residenzale6a.it\/de\/wp-json\/wp\/v2\/tags?post=113132"}],"curies":[{"name":"wp","href":"https:\/\/api.w.org\/{rel}","templated":true}]}}