{"id":113849,"date":"2024-04-04T15:16:26","date_gmt":"2024-04-04T13:16:26","guid":{"rendered":"https:\/\/residenzale6a.it\/sebatiao-salgado-amazonia\/"},"modified":"2024-04-04T15:16:26","modified_gmt":"2024-04-04T13:16:26","slug":"sebatiao-salgado-amazonia","status":"publish","type":"post","link":"https:\/\/residenzale6a.it\/de\/sebatiao-salgado-amazonia\/","title":{"rendered":"Sebatiao Salgado Amazonia"},"content":{"rendered":"<p>Der Salone degli Incanti in Triest beherbergt die Ausstellung eines der bedeutendsten <strong>zeitgen\u00f6ssischen Fotografen<\/strong>: Bis zum 13. Oktober k\u00f6nnen Besucher die Ausstellung &#8218;<a href=\"https:\/\/salgadoamazonia.it\/\" target=\"_blank\" rel=\"noopener\">Amaz\u00f4nia<\/a>&#8218; von Sebasti\u00e3o Salgado mit 200 Fotografien besuchen, <strong>die sie in den Wald eintauchen l\u00e4sst und die Kulturen seiner Bewohner offenbart.<\/strong><\/p>\n<p>Die Ausstellung wird von L\u00e9lia Wanick Salgado kuratiert, die durch ihre Arbeit eine Umgebung geschaffen hat, in der sich die Besucher in den Wald versetzt f\u00fchlen k\u00f6nnen, <strong>um dessen Sch\u00f6nheit und den Wert seiner Erhaltung zu erkennen.<\/strong> Um diese einzigartige Erfahrung zu bereichern, gibt es einen speziell von dem franz\u00f6sischen Musiker Jean-Michel Jarre komponierten Audiopfad, der die Ger\u00e4usche des Waldes sowie Stimmen und Lieder indigener V\u00f6lker wiedergibt, die in den Tonaufnahmen des Museums f\u00fcr Ethnografie in Genf gefunden wurden.<\/p>\n<p>Um diese einzigartige Erfahrung zu bereichern, gibt es einen speziell von dem franz\u00f6sischen Musiker Jean-Michel Jarre komponierten Audiopfad, der die Ger\u00e4usche des Waldes sowie Stimmen und Lieder indigener V\u00f6lker wiedergibt, die in den Tonaufnahmen des Museums f\u00fcr Ethnografie in Genf gefunden wurden.<\/p>\n<h2>Besuchen Sie die Salgado-Ausstellung kostenlos<\/h2>\n<p>Bis zum 13. Oktober erhalten Sie bei einer <strong>Direktbuchung <\/strong> von mindestens zwei \u00dcbernachtungen in unserer Unterkunft <strong>und der Hinzuf\u00fcgung der FVGcard zur Reservierung freien Eintritt zur Ausstellung Amazonia<\/strong>. Au\u00dferdem bietet die FVG Card freien oder erm\u00e4\u00dfigten Eintritt zu Museen, Schl\u00f6ssern, Kirchen, H\u00f6hlen, gef\u00fchrten Touren sowie erhebliche Rabatte auf Erlebnisse, Verkostungen und lokale Verkehrsmittel!<\/p>\n<p><a class=\"et_pb_button et_pb_button_0 et_pb_bg_layout_dark\" href=\"https:\/\/book.octorate.com\/octobook\/site\/reservation\/index.xhtml;octobooksessionid=844b2fed64e1e1c5c35127fd6099?codice=263621\">Siehe Preise und Verf\u00fcgbarkeit<\/a> <\/p>\n","protected":false},"excerpt":{"rendered":"<p>Bis zum 13. Oktober k\u00f6nnen Sie die Ausstellung Amaz\u00f4nia von Sebasti\u00e3o Salgado im Salone degli Incanti in Triest besuchen<\/p>\n","protected":false},"author":3,"featured_media":113799,"comment_status":"closed","ping_status":"closed","sticky":false,"template":"","format":"standard","meta":{"_et_pb_use_builder":"","_et_pb_old_content":"","_et_gb_content_width":"","footnotes":""},"categories":[85,65],"tags":[],"class_list":["post-113849","post","type-post","status-publish","format-standard","has-post-thumbnail","hentry","category-veranstaltungen","category-veranstaltungen-de"],"_links":{"self":[{"href":"https:\/\/residenzale6a.it\/de\/wp-json\/wp\/v2\/posts\/113849","targetHints":{"allow":["GET"]}}],"collection":[{"href":"https:\/\/residenzale6a.it\/de\/wp-json\/wp\/v2\/posts"}],"about":[{"href":"https:\/\/residenzale6a.it\/de\/wp-json\/wp\/v2\/types\/post"}],"author":[{"embeddable":true,"href":"https:\/\/residenzale6a.it\/de\/wp-json\/wp\/v2\/users\/3"}],"replies":[{"embeddable":true,"href":"https:\/\/residenzale6a.it\/de\/wp-json\/wp\/v2\/comments?post=113849"}],"version-history":[{"count":0,"href":"https:\/\/residenzale6a.it\/de\/wp-json\/wp\/v2\/posts\/113849\/revisions"}],"wp:featuredmedia":[{"embeddable":true,"href":"https:\/\/residenzale6a.it\/de\/wp-json\/wp\/v2\/media\/113799"}],"wp:attachment":[{"href":"https:\/\/residenzale6a.it\/de\/wp-json\/wp\/v2\/media?parent=113849"}],"wp:term":[{"taxonomy":"category","embeddable":true,"href":"https:\/\/residenzale6a.it\/de\/wp-json\/wp\/v2\/categories?post=113849"},{"taxonomy":"post_tag","embeddable":true,"href":"https:\/\/residenzale6a.it\/de\/wp-json\/wp\/v2\/tags?post=113849"}],"curies":[{"name":"wp","href":"https:\/\/api.w.org\/{rel}","templated":true}]}}