{"id":114157,"date":"2025-02-07T10:22:30","date_gmt":"2025-02-07T09:22:30","guid":{"rendered":"https:\/\/residenzale6a.it\/valentinstag-in-triest-eine-romantische-erfahrung-mit-residenza-le-6a\/"},"modified":"2025-02-07T10:22:30","modified_gmt":"2025-02-07T09:22:30","slug":"valentinstag-in-triest-eine-romantische-erfahrung-mit-residenza-le-6a","status":"publish","type":"post","link":"https:\/\/residenzale6a.it\/de\/valentinstag-in-triest-eine-romantische-erfahrung-mit-residenza-le-6a\/","title":{"rendered":"Valentinstag in Triest: Eine romantische Erfahrung mit Residenza Le 6A"},"content":{"rendered":"<p data-pm-slice=\"1 1 []\">Der Valentinstag ist die perfekte Gelegenheit f\u00fcr ein romantisches Wochenende in einer Stadt mit zeitlosem Charme. Triest, mit seiner eleganten und mitteleurop\u00e4ischen Atmosph\u00e4re, bietet atemberaubende Kulissen und eine Reihe besonderer Veranstaltungen f\u00fcr Verliebte. Wenn Sie auf der Suche nach dem perfekten Ort f\u00fcr einen unvergesslichen Aufenthalt sind, empf\u00e4ngt Sie <strong>Residenza Le 6A<\/strong> mit raffinierter Gastfreundschaft und exklusivem Komfort.  <\/p>\n<h2>Valentinstag 2025: Das Veranstaltungsprogramm<\/h2>\n<p>Triest kleidet sich in Liebe und bietet eine Vielzahl an Initiativen, die Ihren Aufenthalt noch besonderer machen: <strong>Vom 13. bis 16. Februar verwandelt sich die Stadt in eine B\u00fchne f\u00fcr Kultur, Musik und Kulinarik<\/strong>.<\/p>\n<h3>\u201cCom\u2019\u00e8 bello San Valentino da Trieste in gi\u00f9\u201d<\/h3>\n<ul data-spread=\"true\">\n<li><strong>Der Geschmack der Liebe<\/strong>: Eine einzigartige kulinarische Erfahrung v<strong>om 14. bis 16. Februar. 18 ausgew\u00e4hlte Lokale bieten speziell f\u00fcr Verliebte kreierte Verkostungen an<\/strong>. Das gesamte Programm finden Sie auf <a href=\"http:\/\/www.triestelifestyle.com\/comebellosanvalentino\" target=\"_blank\" rel=\"noopener\">dieser Seite<\/a>. <\/li>\n<li><strong>Ausstellung &#8222;Com\u2019\u00e8 bello da Trieste in gi\u00f9&#8220;<\/strong>: F\u00fcr Mode- und Showbusiness-Liebhaber wurde die au\u00dfergew\u00f6hnliche Ausstellung \u00fcber die B\u00fchnenkost\u00fcme von Raffaella Carr\u00e0 bis zum 16. M\u00e4rz verl\u00e4ngert. Die Schau kann kostenlos in der Sala Sbis\u00e0 im Magazzino 26 (Porto Vivo) von Donnerstag bis Sonntag, jeweils von 10 bis 18 Uhr, besucht werden. <\/li>\n<li><strong>BorAmata in Love<\/strong>: <strong>Ein romantischer Garten aus herzf\u00f6rmigen Windr\u00e4dern auf der Piazza Unit\u00e0<\/strong>, der die Liebe im Herzen Mitteleuropas feiert. Au\u00dferdem organisiert das <a href=\"https:\/\/museobora.org\/\" target=\"_blank\" rel=\"noopener\"><strong>Piccolo Museo della Bora<\/strong><\/a> am 15. Februar um 11 Uhr und 16 Uhr zwei Sonderf\u00fchrungen f\u00fcr Paare \u2013 eine einmalige Gelegenheit, ein romantisches Foto im ber\u00fchmten Triestiner Bora-Wind zu machen! Reservierungen per E-Mail an <a href=\"mailto:museobora@gmail.com\">museobora@gmail.com.<\/a>   <\/li>\n<li><strong>Eine Hochzeitseinladung<\/strong>: Am Samstag, den 15. Februar um 11 Uhr in der Sala Sbis\u00e0 (Magazzino 26) k\u00f6nnen Besucher <strong>einen ersten Blick auf einige historische Hochzeitsgew\u00e4nder der &#8222;Karsthochzeit&#8220; werfen<\/strong>, bevor das traditionelle Hochzeitsritual auf dem Karstplateau im kommenden August wiederbelebt wird.<\/li>\n<li><strong>Ballo Ballo und Tanz-Flashmob<\/strong>: Am Samstag, den 15. Februar, findet auf der Piazza Unit\u00e0 ein Flashmob der Tanzschule Arianna statt, w\u00e4hrend am Sonntag, den 16. Februar, ab 10:30 Uhr eine Tanzvorf\u00fchrung organisiert wird, um die Pinwheel-Auktion zu unterst\u00fctzen. Der Erl\u00f6s geht an die Endometriose-Vereinigung FVG.<\/li>\n<\/ul>\n<h2>Valentinstag-Spezialangebot<\/h2>\n<p>Wenn Sie direkt bei uns buchen, <strong>erhalten Sie einen kostenlosen Kaffee im Caff\u00e8 San Marco,<\/strong> selbst wenn Sie nur eine Nacht am 14. Februar bleiben (kein Mindestaufenthalt erforderlich).<\/p>\n<p>Residenza Le 6A ist der perfekte Ort, um die einzigartige Atmosph\u00e4re des Valentinstags in Triest zu erleben. Dank der zentralen Lage und eleganten Ausstattung genie\u00dfen Sie hier eine entspannende und stilvolle Auszeit \u2013 ideal f\u00fcr <a href=\"https:\/\/residenzale6a.it\/trieste\/trieste-romantica\/\">einen romantischen Kurzurlaub in Triest<\/a>.  <\/p>\n","protected":false},"excerpt":{"rendered":"<p>Vom 13. bis 16. Februar wird die Stadt mit Veranstaltungen und Aktivit\u00e4ten an verschiedenen Orten belebt, und die Residenza Le 6A hat ein besonderes Angebot f\u00fcr diejenigen, die ein romantisches Wochenende planen m\u00f6chten.<\/p>\n","protected":false},"author":3,"featured_media":114154,"comment_status":"closed","ping_status":"closed","sticky":false,"template":"","format":"standard","meta":{"_et_pb_use_builder":"","_et_pb_old_content":"","_et_gb_content_width":"","footnotes":""},"categories":[87,65,85],"tags":[],"class_list":["post-114157","post","type-post","status-publish","format-standard","has-post-thumbnail","hentry","category-angebote","category-veranstaltungen-de","category-veranstaltungen"],"_links":{"self":[{"href":"https:\/\/residenzale6a.it\/de\/wp-json\/wp\/v2\/posts\/114157","targetHints":{"allow":["GET"]}}],"collection":[{"href":"https:\/\/residenzale6a.it\/de\/wp-json\/wp\/v2\/posts"}],"about":[{"href":"https:\/\/residenzale6a.it\/de\/wp-json\/wp\/v2\/types\/post"}],"author":[{"embeddable":true,"href":"https:\/\/residenzale6a.it\/de\/wp-json\/wp\/v2\/users\/3"}],"replies":[{"embeddable":true,"href":"https:\/\/residenzale6a.it\/de\/wp-json\/wp\/v2\/comments?post=114157"}],"version-history":[{"count":0,"href":"https:\/\/residenzale6a.it\/de\/wp-json\/wp\/v2\/posts\/114157\/revisions"}],"wp:featuredmedia":[{"embeddable":true,"href":"https:\/\/residenzale6a.it\/de\/wp-json\/wp\/v2\/media\/114154"}],"wp:attachment":[{"href":"https:\/\/residenzale6a.it\/de\/wp-json\/wp\/v2\/media?parent=114157"}],"wp:term":[{"taxonomy":"category","embeddable":true,"href":"https:\/\/residenzale6a.it\/de\/wp-json\/wp\/v2\/categories?post=114157"},{"taxonomy":"post_tag","embeddable":true,"href":"https:\/\/residenzale6a.it\/de\/wp-json\/wp\/v2\/tags?post=114157"}],"curies":[{"name":"wp","href":"https:\/\/api.w.org\/{rel}","templated":true}]}}