{"id":114337,"date":"2025-11-14T16:36:06","date_gmt":"2025-11-14T15:36:06","guid":{"rendered":"https:\/\/residenzale6a.it\/dezember-in-triest-weihnachtsmaerkte-kultur-und-winter-in-der-stadt\/"},"modified":"2025-12-09T12:13:44","modified_gmt":"2025-12-09T11:13:44","slug":"dezember-in-triest-weihnachtsmaerkte-kultur-und-winter-in-der-stadt","status":"publish","type":"post","link":"https:\/\/residenzale6a.it\/de\/dezember-in-triest-weihnachtsmaerkte-kultur-und-winter-in-der-stadt\/","title":{"rendered":"Dezember in Triest \u2013 Weihnachtsm\u00e4rkte, Kultur und Winter in der Stadt"},"content":{"rendered":"<h3>Die festliche Stimmung<\/h3>\n<p><strong>Vom 8. Dezember bis zum 6. Januar<\/strong> verwandeln die traditionellen <strong>Weihnachtsm\u00e4rkte das Zentrum von Triest <\/strong>in ein festliches Erlebnis. \u00dcber 50 Holzst\u00e4nde bieten Geschenkideen, lokales Kunsthandwerk und kulinarische Spezialit\u00e4ten. Der Markt erstreckt sich \u00fcber die <strong>Via delle Torri, Piazza della Borsa, Piazza Sant\u2019Antonio, Via Ponchielli, Via Bellini und Piazza Ponterosso <\/strong>\u2013 nur wenige Schritte von der Residenza Le 6 A entfernt \u2013 und schafft eine stimmungsvolle Atmosph\u00e4re mit Lichtern und festlichen D\u00fcften. <\/p>\n<p>Begleitet werden die M\u00e4rkte von zahlreichen Veranstaltungen: Auff\u00fchrungen, Lichtinstallationen, Weihnachtsch\u00f6re, Kinderanimationen, eine Eislaufbahn und vieles mehr. Ein ideales Erlebnis f\u00fcr Gro\u00df und Klein, f\u00fcr Spazierfreudige und alle, die auf der Suche nach originellen Geschenkideen sind. <\/p>\n<h3>Triest im Winter: eine Stadt zum Erleben<\/h3>\n<p>Auch in den k\u00e4lteren Monaten ist Triest ein ideales Reiseziel:<\/p>\n<ul>\n<li>Die <strong>historischen Kaffeeh\u00e4user <\/strong>sind ideale R\u00fcckzugsorte, um bei einem Buch oder einem guten Espresso zu entspannen.<\/li>\n<li>Die<strong> st\u00e4dtischen Museen<\/strong> und <strong>Ausstellungen <\/strong>bieten ein vielf\u00e4ltiges Kulturprogramm.<\/li>\n<li>Die <strong>Schl\u00f6sser Miramare und San Giusto<\/strong> erz\u00e4hlen die Geschichte und Sch\u00f6nheit der Stadt.<\/li>\n<li>Die <strong>Kirchen verschiedener Religionen <\/strong>zeugen von ihrem kosmopolitischen und einladenden Geist.<\/li>\n<\/ul>\n<h3>Feiertage und Entspannung im Herzen von Triest<\/h3>\n<p>Die Residenza Le 6A empf\u00e4ngt Sie im Herzen der Stadt, in der N\u00e4he der Weihnachtsm\u00e4rkte und Einkaufsstra\u00dfen, mit eleganten und komfortablen Zimmern.<br \/>\nMit einer <strong>Direktbuchung <\/strong>profitieren Sie von vorteilhaften Tarifen und zahlreichen Extras: Fr\u00fchst\u00fcck inklusive, Erm\u00e4\u00dfigung auf das Parken und viele Tipps, um Triest bestm\u00f6glich zu erleben.<\/p>\n","protected":false},"excerpt":{"rendered":"<p>Der Dezember ist eine der stimmungsvollsten Zeiten, um Triest zu besuchen: Die Stra\u00dfen der Altstadt erstrahlen im Licht der Weihnachtsm\u00e4rkte, w\u00e4hrend Museen, historische Caf\u00e9s, Theater und Schl\u00f6sser auch an kalten Tagen unvergessliche Erlebnisse bieten. Entdecken Sie, was Sie w\u00e4hrend der Feiertage in der Stadt unternehmen k\u00f6nnen \u2013 und warum ein Aufenthalt im Herzen der Altstadt in der Residenza Le 6A die ideale Wahl ist. Entdecke Triest im Dezember: Weihnachtsm\u00e4rkte vom 8. Dezember bis 6. Januar, Museen, historische Caf\u00e9s, Schl\u00f6sser und viele kulturelle Aktivit\u00e4ten \u2013 ideal auch an kalten Tagen. <\/p>\n","protected":false},"author":3,"featured_media":113576,"comment_status":"closed","ping_status":"closed","sticky":false,"template":"","format":"standard","meta":{"_et_pb_use_builder":"","_et_pb_old_content":"","_et_gb_content_width":"","footnotes":""},"categories":[65,85],"tags":[],"class_list":["post-114337","post","type-post","status-publish","format-standard","has-post-thumbnail","hentry","category-veranstaltungen-de","category-veranstaltungen"],"_links":{"self":[{"href":"https:\/\/residenzale6a.it\/de\/wp-json\/wp\/v2\/posts\/114337","targetHints":{"allow":["GET"]}}],"collection":[{"href":"https:\/\/residenzale6a.it\/de\/wp-json\/wp\/v2\/posts"}],"about":[{"href":"https:\/\/residenzale6a.it\/de\/wp-json\/wp\/v2\/types\/post"}],"author":[{"embeddable":true,"href":"https:\/\/residenzale6a.it\/de\/wp-json\/wp\/v2\/users\/3"}],"replies":[{"embeddable":true,"href":"https:\/\/residenzale6a.it\/de\/wp-json\/wp\/v2\/comments?post=114337"}],"version-history":[{"count":1,"href":"https:\/\/residenzale6a.it\/de\/wp-json\/wp\/v2\/posts\/114337\/revisions"}],"predecessor-version":[{"id":114347,"href":"https:\/\/residenzale6a.it\/de\/wp-json\/wp\/v2\/posts\/114337\/revisions\/114347"}],"wp:featuredmedia":[{"embeddable":true,"href":"https:\/\/residenzale6a.it\/de\/wp-json\/wp\/v2\/media\/113576"}],"wp:attachment":[{"href":"https:\/\/residenzale6a.it\/de\/wp-json\/wp\/v2\/media?parent=114337"}],"wp:term":[{"taxonomy":"category","embeddable":true,"href":"https:\/\/residenzale6a.it\/de\/wp-json\/wp\/v2\/categories?post=114337"},{"taxonomy":"post_tag","embeddable":true,"href":"https:\/\/residenzale6a.it\/de\/wp-json\/wp\/v2\/tags?post=114337"}],"curies":[{"name":"wp","href":"https:\/\/api.w.org\/{rel}","templated":true}]}}