{"id":114366,"date":"2026-01-09T14:54:08","date_gmt":"2026-01-09T13:54:08","guid":{"rendered":"https:\/\/residenzale6a.it\/gorillaz-in-triest-25-juli-2026-piazza-unita\/"},"modified":"2026-01-09T14:54:08","modified_gmt":"2026-01-09T13:54:08","slug":"gorillaz-in-triest-25-juli-2026-piazza-unita","status":"publish","type":"post","link":"https:\/\/residenzale6a.it\/de\/gorillaz-in-triest-25-juli-2026-piazza-unita\/","title":{"rendered":"Gorillaz in Triest: 25. Juli 2026, Piazza Unit\u00e0"},"content":{"rendered":"<p>Mitten im Sommer 2026 empf\u00e4ngt Triest eines der meist erwarteten Musikereignisse des Jahres: <strong>Gorillaz <\/strong>kommen <strong>am 25<\/strong>. Juli auf die <strong>Piazza Unit\u00e0 d\u2019Italia<\/strong> \u2013 mit einem Stopp ihrer neuen internationalen Tour <strong>The Mountain Tour<\/strong>, die <strong>25 Jahre<\/strong> des von Damon Albarn und Jamie Hewlett ins Leben gerufenen Projekts feiert.<\/p>\n<h2>Eine hei\u00df ersehnte R\u00fcckkehr<\/h2>\n<p>Die ikonischste virtuelle Band der Welt kehrt vier Jahre nach ihrem letzten Konzert nach Italien zur\u00fcck und w\u00e4hlt Triest als einen der symboltr\u00e4chtigen Tourorte.<br \/>\nEine besondere Gelegenheit, die unverwechselbaren Figuren von Hewlett \u2014 2D, Murdoc, Russel und Noodle \u2014 wieder live zu erleben, in einem Erlebnis, das Musik, Visual Art und digitales Storytelling miteinander verbindet.<\/p>\n<p>Das Event nimmt die Ver\u00f6ffentlichung von <strong>The Mountain<\/strong>, dem neuen Album, das f\u00fcr M\u00e4rz 2026 angek\u00fcndigt ist, vorweg.<br \/>\nDie erste Single, <strong>The Happy Dictator<\/strong>, hat bereits die Atmosph\u00e4re und den Sound dieser neuen k\u00fcnstlerischen Phase der Band erahnen lassen und die Vorfreude auf neue Songs geweckt, die m\u00f6glicherweise auch live auf der B\u00fchne in Triest vorab zu h\u00f6ren sein werden.<\/p>\n<h2>Eine einzigartige Kulisse: Piazza Unit\u00e0 d\u2019Italia<\/h2>\n<p>Das Konzert findet auf einem der spektakul\u00e4rsten Pl\u00e4tze Europas statt.<br \/>\nDie immersiven B\u00fchnenbilder von Gorillaz, kombiniert mit dem Blick auf den Golf von Triest, versprechen eine Live-Show von starker visueller und atmosph\u00e4rischer Wirkung: ein perfekter Dialog zwischen Musik, Architektur und offenem Meer.<\/p>\n<p>Triest ist von Italien und den Nachbarl\u00e4ndern \u2014 Slowenien, Kroatien und \u00d6sterreich \u2014 bequem erreichbar und belebt sich im Sommer mit Veranstaltungen, Festivals und Open-Air-Leben.<br \/>\nDas Gorillaz-Konzert wird somit zur idealen Gelegenheit, eine Stadt mit ausgepr\u00e4gter kultureller Identit\u00e4t zu entdecken, angesiedelt zwischen mitteleurop\u00e4ischen und mediterranen Einfl\u00fcssen.<\/p>\n<h2>Wo \u00fcbernachten: der Komfort der Altstadt<\/h2>\n<p>F\u00fcr alle, die zum Konzert nach Triest kommen, ist eine Unterkunft im Stadtzentrum die praktischste Wahl.<br \/>\nResidenza Le 6A, nur wenige Gehminuten von der Piazza Unit\u00e0 entfernt, bietet:<\/p>\n<ul>\n<li>elegante, bis ins Detail gepflegte und perfekt schallisolierte Zimmer<\/li>\n<li>selbstst\u00e4ndiger Zugang \u00fcber einen pers\u00f6nlichen Code<\/li>\n<li>Optionen mit Fr\u00fchst\u00fcck inklusive oder mit K\u00fcchenzeile<\/li>\n<li>ideale Lage, um sich zu Fu\u00df zwischen Konzert, Restaurants, Bars und Museen zu bewegen<\/li>\n<\/ul>\n<p>Die Residenz vereint Komfort, herzliche Gastfreundschaft und die Ruhe eines gepflegten, famili\u00e4ren Ambientes \u2014 ideal f\u00fcr alle, die das Konzert entspannt genie\u00dfen m\u00f6chten.<\/p>\n<h2>Musik, Meer und Kultur: ein Wochenende, das man nicht verpassen sollte<\/h2>\n<p>Der Tourstopp der Gorillaz in Triest wird eines der absoluten Highlights des Sommers 2026 sein.<br \/>\nEin gro\u00dfes internationales Event auf dem symboltr\u00e4chtigsten Platz der Stadt, in einem Rahmen, der das musikalische Erlebnis intensiviert und es wirklich einzigartig macht.<\/p>\n","protected":false},"excerpt":{"rendered":"<p>Am 25. Juli 2026 bringen Gorillaz ihre The Mountain Tour auf die Piazza Unit\u00e0 d\u2019Italia. Ein internationales Event in einzigartiger Kulisse \u2013 ideal, um Triest zu entdecken und im Herzen der Stadt zu \u00fcbernachten. <\/p>\n","protected":false},"author":3,"featured_media":114362,"comment_status":"closed","ping_status":"closed","sticky":false,"template":"","format":"standard","meta":{"_et_pb_use_builder":"","_et_pb_old_content":"","_et_gb_content_width":"","footnotes":""},"categories":[65,85],"tags":[],"class_list":["post-114366","post","type-post","status-publish","format-standard","has-post-thumbnail","hentry","category-veranstaltungen-de","category-veranstaltungen"],"_links":{"self":[{"href":"https:\/\/residenzale6a.it\/de\/wp-json\/wp\/v2\/posts\/114366","targetHints":{"allow":["GET"]}}],"collection":[{"href":"https:\/\/residenzale6a.it\/de\/wp-json\/wp\/v2\/posts"}],"about":[{"href":"https:\/\/residenzale6a.it\/de\/wp-json\/wp\/v2\/types\/post"}],"author":[{"embeddable":true,"href":"https:\/\/residenzale6a.it\/de\/wp-json\/wp\/v2\/users\/3"}],"replies":[{"embeddable":true,"href":"https:\/\/residenzale6a.it\/de\/wp-json\/wp\/v2\/comments?post=114366"}],"version-history":[{"count":0,"href":"https:\/\/residenzale6a.it\/de\/wp-json\/wp\/v2\/posts\/114366\/revisions"}],"wp:featuredmedia":[{"embeddable":true,"href":"https:\/\/residenzale6a.it\/de\/wp-json\/wp\/v2\/media\/114362"}],"wp:attachment":[{"href":"https:\/\/residenzale6a.it\/de\/wp-json\/wp\/v2\/media?parent=114366"}],"wp:term":[{"taxonomy":"category","embeddable":true,"href":"https:\/\/residenzale6a.it\/de\/wp-json\/wp\/v2\/categories?post=114366"},{"taxonomy":"post_tag","embeddable":true,"href":"https:\/\/residenzale6a.it\/de\/wp-json\/wp\/v2\/tags?post=114366"}],"curies":[{"name":"wp","href":"https:\/\/api.w.org\/{rel}","templated":true}]}}